{"id":54663,"date":"2026-08-31T10:33:06","date_gmt":"2026-08-31T08:33:06","guid":{"rendered":"https:\/\/www.historischeverenigingkoogzaandijk.nl\/elementor\/?p=54663"},"modified":"2026-08-31T10:51:50","modified_gmt":"2026-08-31T08:51:50","slug":"jaarmarkt-zaandijk","status":"publish","type":"post","link":"https:\/\/www.historischeverenigingkoogzaandijk.nl\/elementor\/2026\/08\/31\/jaarmarkt-zaandijk\/","title":{"rendered":"De HVKZ op de Jaarmarkt in Zaandijk"},"content":{"rendered":"\n<p class=\"wp-block-paragraph\">De jaarmarkt Kaike en Koiere in Zaandijk vond dit jaar plaats op 29 augustus. Het was eerst een beetje zoeken naar de juiste plaats om de stand van de HVKZ op te bouwen, maar de plaats bleek prima te zijn: nl. op de Lagedijk. <\/p>\n\n\n\n<figure class=\"wp-block-image size-large\"><img loading=\"lazy\" decoding=\"async\" width=\"800\" height=\"600\" src=\"https:\/\/www.historischeverenigingkoogzaandijk.nl\/elementor\/wp-content\/uploads\/2026\/08\/20260829_095359024_iOS-800x600.jpg\" alt=\"\" class=\"wp-image-54675\" srcset=\"https:\/\/www.historischeverenigingkoogzaandijk.nl\/elementor\/wp-content\/uploads\/2026\/08\/20260829_095359024_iOS-800x600.jpg 800w, https:\/\/www.historischeverenigingkoogzaandijk.nl\/elementor\/wp-content\/uploads\/2026\/08\/20260829_095359024_iOS-167x125.jpg 167w, https:\/\/www.historischeverenigingkoogzaandijk.nl\/elementor\/wp-content\/uploads\/2026\/08\/20260829_095359024_iOS-100x75.jpg 100w, https:\/\/www.historischeverenigingkoogzaandijk.nl\/elementor\/wp-content\/uploads\/2026\/08\/20260829_095359024_iOS-768x576.jpg 768w, https:\/\/www.historischeverenigingkoogzaandijk.nl\/elementor\/wp-content\/uploads\/2026\/08\/20260829_095359024_iOS-1536x1152.jpg 1536w, https:\/\/www.historischeverenigingkoogzaandijk.nl\/elementor\/wp-content\/uploads\/2026\/08\/20260829_095359024_iOS-2048x1536.jpg 2048w\" sizes=\"auto, (max-width: 800px) 100vw, 800px\" \/><figcaption class=\"wp-element-caption\"><em>De Lagedijk was eerst nog wat stil na de regenbui in de ochtend<\/em><\/figcaption><\/figure>\n\n\n\n<p class=\"wp-block-paragraph\">Daarna begonnen Jan, Marja en Mieneke met de opbouw van de stand van de HVKZ en daarna met het uitstallen van de te verkopen boeken. <\/p>\n\n\n\n<figure class=\"wp-block-image size-large\"><img loading=\"lazy\" decoding=\"async\" width=\"800\" height=\"600\" src=\"https:\/\/www.historischeverenigingkoogzaandijk.nl\/elementor\/wp-content\/uploads\/2026\/08\/20260829_102440670_iOS-800x600.jpg\" alt=\"\" class=\"wp-image-54664\" srcset=\"https:\/\/www.historischeverenigingkoogzaandijk.nl\/elementor\/wp-content\/uploads\/2026\/08\/20260829_102440670_iOS-800x600.jpg 800w, https:\/\/www.historischeverenigingkoogzaandijk.nl\/elementor\/wp-content\/uploads\/2026\/08\/20260829_102440670_iOS-167x125.jpg 167w, https:\/\/www.historischeverenigingkoogzaandijk.nl\/elementor\/wp-content\/uploads\/2026\/08\/20260829_102440670_iOS-100x75.jpg 100w, https:\/\/www.historischeverenigingkoogzaandijk.nl\/elementor\/wp-content\/uploads\/2026\/08\/20260829_102440670_iOS-768x576.jpg 768w, https:\/\/www.historischeverenigingkoogzaandijk.nl\/elementor\/wp-content\/uploads\/2026\/08\/20260829_102440670_iOS-1536x1152.jpg 1536w, https:\/\/www.historischeverenigingkoogzaandijk.nl\/elementor\/wp-content\/uploads\/2026\/08\/20260829_102440670_iOS-2048x1536.jpg 2048w\" sizes=\"auto, (max-width: 800px) 100vw, 800px\" \/><\/figure>\n\n\n\n<p class=\"wp-block-paragraph\">Alle drukte rondom de opbouw en inrichting was voor ons al de voorpret van een echte marktdag. Om 10 uur was iedereen klaar en kon de markt beginnen. De stand van de HVKZ was met alle promotiemateriaal mooi aangekleed.\u00a0\u00a0<\/p>\n\n\n\n<figure class=\"wp-block-image size-large\"><img loading=\"lazy\" decoding=\"async\" width=\"800\" height=\"600\" src=\"https:\/\/www.historischeverenigingkoogzaandijk.nl\/elementor\/wp-content\/uploads\/2026\/08\/20260829_105246960_iOS-800x600.jpg\" alt=\"\" class=\"wp-image-54668\" srcset=\"https:\/\/www.historischeverenigingkoogzaandijk.nl\/elementor\/wp-content\/uploads\/2026\/08\/20260829_105246960_iOS-800x600.jpg 800w, https:\/\/www.historischeverenigingkoogzaandijk.nl\/elementor\/wp-content\/uploads\/2026\/08\/20260829_105246960_iOS-167x125.jpg 167w, https:\/\/www.historischeverenigingkoogzaandijk.nl\/elementor\/wp-content\/uploads\/2026\/08\/20260829_105246960_iOS-100x75.jpg 100w, https:\/\/www.historischeverenigingkoogzaandijk.nl\/elementor\/wp-content\/uploads\/2026\/08\/20260829_105246960_iOS-768x576.jpg 768w, https:\/\/www.historischeverenigingkoogzaandijk.nl\/elementor\/wp-content\/uploads\/2026\/08\/20260829_105246960_iOS-1536x1152.jpg 1536w, https:\/\/www.historischeverenigingkoogzaandijk.nl\/elementor\/wp-content\/uploads\/2026\/08\/20260829_105246960_iOS-2048x1536.jpg 2048w\" sizes=\"auto, (max-width: 800px) 100vw, 800px\" \/><\/figure>\n\n\n\n<p class=\"wp-block-paragraph\">De eerste kijkers kwamen direct om de ansichtkaartenbak te inspecteren. Verschillende bezoekers waren speciaal gekomen voor de bak met ansichten. De kaarten werden \u00e9\u00e9n voor \u00e9\u00e9n bekeken en werden ook goed verkocht.<\/p>\n\n\n\n<p class=\"wp-block-paragraph\">Er was ook veel belangstelling voor de boekenverkoop. Veel kopers kwamen uit Assendelft, Krommenie en Wormerveer.<\/p>\n\n\n\n<figure class=\"wp-block-image size-large\"><img loading=\"lazy\" decoding=\"async\" width=\"800\" height=\"600\" src=\"https:\/\/www.historischeverenigingkoogzaandijk.nl\/elementor\/wp-content\/uploads\/2026\/08\/20260829_102546927_iOS-800x600.jpg\" alt=\"\" class=\"wp-image-54665\" srcset=\"https:\/\/www.historischeverenigingkoogzaandijk.nl\/elementor\/wp-content\/uploads\/2026\/08\/20260829_102546927_iOS-800x600.jpg 800w, https:\/\/www.historischeverenigingkoogzaandijk.nl\/elementor\/wp-content\/uploads\/2026\/08\/20260829_102546927_iOS-167x125.jpg 167w, https:\/\/www.historischeverenigingkoogzaandijk.nl\/elementor\/wp-content\/uploads\/2026\/08\/20260829_102546927_iOS-100x75.jpg 100w, https:\/\/www.historischeverenigingkoogzaandijk.nl\/elementor\/wp-content\/uploads\/2026\/08\/20260829_102546927_iOS-768x576.jpg 768w, https:\/\/www.historischeverenigingkoogzaandijk.nl\/elementor\/wp-content\/uploads\/2026\/08\/20260829_102546927_iOS-1536x1152.jpg 1536w, https:\/\/www.historischeverenigingkoogzaandijk.nl\/elementor\/wp-content\/uploads\/2026\/08\/20260829_102546927_iOS-2048x1536.jpg 2048w\" sizes=\"auto, (max-width: 800px) 100vw, 800px\" \/><\/figure>\n\n\n\n<p class=\"wp-block-paragraph\">Na de koffie werd het mooi weer en kwamen de Zaandijkers en Kogers een rondje maken. Leden van de HVKZ kwamen een praatje maken en om te zien wat we op de kraam allemaal in de aanbieding hadden. <\/p>\n\n\n\n<figure class=\"wp-block-image size-large\"><img loading=\"lazy\" decoding=\"async\" width=\"800\" height=\"600\" src=\"https:\/\/www.historischeverenigingkoogzaandijk.nl\/elementor\/wp-content\/uploads\/2026\/08\/20260829_102454093_iOS-800x600.jpg\" alt=\"\" class=\"wp-image-54669\" srcset=\"https:\/\/www.historischeverenigingkoogzaandijk.nl\/elementor\/wp-content\/uploads\/2026\/08\/20260829_102454093_iOS-800x600.jpg 800w, https:\/\/www.historischeverenigingkoogzaandijk.nl\/elementor\/wp-content\/uploads\/2026\/08\/20260829_102454093_iOS-167x125.jpg 167w, https:\/\/www.historischeverenigingkoogzaandijk.nl\/elementor\/wp-content\/uploads\/2026\/08\/20260829_102454093_iOS-100x75.jpg 100w, https:\/\/www.historischeverenigingkoogzaandijk.nl\/elementor\/wp-content\/uploads\/2026\/08\/20260829_102454093_iOS-768x576.jpg 768w, https:\/\/www.historischeverenigingkoogzaandijk.nl\/elementor\/wp-content\/uploads\/2026\/08\/20260829_102454093_iOS-1536x1152.jpg 1536w, https:\/\/www.historischeverenigingkoogzaandijk.nl\/elementor\/wp-content\/uploads\/2026\/08\/20260829_102454093_iOS-2048x1536.jpg 2048w\" sizes=\"auto, (max-width: 800px) 100vw, 800px\" \/><\/figure>\n\n\n\n<p class=\"wp-block-paragraph\">Jan was zoals altijd de man die voor de kraam staat. Hij kent iedereen en was ook nu weer het aanspreekpunt. Bovendien weet Jan wat er aan boeken voorradig is. Zo kon hij verschillende mensen blij maken met wat zij zochten. Een meneer vertelde dat hij voorheen bij de gemeente Zaandam had gewerkt en in een uitgave van de gemeentereiniging staat. Hij had daar met zoveel plezier gewerkt, dat hij graag dat boekje zou willen hebben. Het boekje lag niet bij de boeken op tafel, maar Jan wist dat we het boekje wel in de voorraad hadden. Zo ging Jan het boekje even ophalen bij de Vermaning. De koper was helemaal gelukkig. Jan is wel een paar keer heen en weer gereden!<\/p>\n\n\n\n<figure class=\"wp-block-image size-large\"><img loading=\"lazy\" decoding=\"async\" width=\"800\" height=\"600\" src=\"https:\/\/www.historischeverenigingkoogzaandijk.nl\/elementor\/wp-content\/uploads\/2026\/08\/20260829_102659928_iOS-800x600.jpg\" alt=\"\" class=\"wp-image-54666\" srcset=\"https:\/\/www.historischeverenigingkoogzaandijk.nl\/elementor\/wp-content\/uploads\/2026\/08\/20260829_102659928_iOS-800x600.jpg 800w, https:\/\/www.historischeverenigingkoogzaandijk.nl\/elementor\/wp-content\/uploads\/2026\/08\/20260829_102659928_iOS-167x125.jpg 167w, https:\/\/www.historischeverenigingkoogzaandijk.nl\/elementor\/wp-content\/uploads\/2026\/08\/20260829_102659928_iOS-100x75.jpg 100w, https:\/\/www.historischeverenigingkoogzaandijk.nl\/elementor\/wp-content\/uploads\/2026\/08\/20260829_102659928_iOS-768x576.jpg 768w, https:\/\/www.historischeverenigingkoogzaandijk.nl\/elementor\/wp-content\/uploads\/2026\/08\/20260829_102659928_iOS-1536x1152.jpg 1536w, https:\/\/www.historischeverenigingkoogzaandijk.nl\/elementor\/wp-content\/uploads\/2026\/08\/20260829_102659928_iOS-2048x1536.jpg 2048w\" sizes=\"auto, (max-width: 800px) 100vw, 800px\" \/><\/figure>\n\n\n\n<p class=\"wp-block-paragraph\">De sfeer op de jaarmarkt in Zaandijk was gemoedelijk. Het weer was na de aanvankelijke regenbui aangenaam zomers. <\/p>\n\n\n\n<figure class=\"wp-block-image size-large\"><img loading=\"lazy\" decoding=\"async\" width=\"800\" height=\"600\" src=\"https:\/\/www.historischeverenigingkoogzaandijk.nl\/elementor\/wp-content\/uploads\/2026\/08\/20260829_105412363_iOS-800x600.jpg\" alt=\"\" class=\"wp-image-54667\" srcset=\"https:\/\/www.historischeverenigingkoogzaandijk.nl\/elementor\/wp-content\/uploads\/2026\/08\/20260829_105412363_iOS-800x600.jpg 800w, https:\/\/www.historischeverenigingkoogzaandijk.nl\/elementor\/wp-content\/uploads\/2026\/08\/20260829_105412363_iOS-167x125.jpg 167w, https:\/\/www.historischeverenigingkoogzaandijk.nl\/elementor\/wp-content\/uploads\/2026\/08\/20260829_105412363_iOS-100x75.jpg 100w, https:\/\/www.historischeverenigingkoogzaandijk.nl\/elementor\/wp-content\/uploads\/2026\/08\/20260829_105412363_iOS-768x576.jpg 768w, https:\/\/www.historischeverenigingkoogzaandijk.nl\/elementor\/wp-content\/uploads\/2026\/08\/20260829_105412363_iOS-1536x1152.jpg 1536w, https:\/\/www.historischeverenigingkoogzaandijk.nl\/elementor\/wp-content\/uploads\/2026\/08\/20260829_105412363_iOS-2048x1536.jpg 2048w\" sizes=\"auto, (max-width: 800px) 100vw, 800px\" \/><\/figure>\n\n\n\n<p class=\"wp-block-paragraph\">In de middag namen Johannes, Marit en Jan de werkzaamheden over. Aan het eind van de middag, zo tegen vijven, is alles ingepakt en kon de regenbui weer losbarsten. Met een omzet van 185 euro zijn we dik tevreden.<\/p>\n\n\n\n<p class=\"wp-block-paragraph\">We kijken uit naar de Monumentendag op zaterdag 12 september. Er is boekenverkoop bij de Vermaning, die dan de hele dag open is voor bezichtiging. Daarnaast wordt door de HVKZ op de Koger Begraafplaats uitleg gegeven. En ook bij gemaal Het Leven in Zaandijk zijn we aanwezig om daar het een en ander te vertellen.<\/p>\n\n\n\n<p class=\"wp-block-paragraph\"><\/p>\n\n\n\n<p class=\"wp-block-paragraph\"><em>Tekst: Mieneke Kolen<\/em>,<em> foto&#8217;s: Frank Obertop<\/em><\/p>\n\n\n\n<p class=\"wp-block-paragraph\"><\/p>\n","protected":false},"excerpt":{"rendered":"<p>De jaarmarkt Kaike en Koiere in Zaandijk vond dit jaar plaats op 29 augustus. Het was eerst een beetje zoeken naar de juiste plaats om de stand van de HVKZ op te bouwen, maar de plaats bleek prima te zijn: nl. op de Lagedijk. Daarna begonnen Jan, Marja en Mieneke met de opbouw van de [&hellip;]<\/p>\n","protected":false},"author":1,"featured_media":54665,"comment_status":"open","ping_status":"open","sticky":false,"template":"","format":"standard","meta":{"_uag_custom_page_level_css":"","ngg_post_thumbnail":0,"footnotes":""},"categories":[12,109],"tags":[],"class_list":["post-54663","post","type-post","status-publish","format-standard","has-post-thumbnail","hentry","category-nieuws","category-terugblikken"],"aioseo_notices":[],"aioseo_head":"\n\t\t<!-- All in One SEO 5.0.1.1 - aioseo.com -->\n\t<meta name=\"description\" content=\"De jaarmarkt Kaike en Koiere in Zaandijk vond dit jaar plaats op 29 augustus. Het was eerst een beetje zoeken naar de juiste plaats om de stand van de HVKZ op te bouwen, maar de plaats bleek prima te zijn: nl. op de Lagedijk. Daarna begonnen Jan, Marja en Mieneke met de opbouw van de\" \/>\n\t<meta name=\"robots\" content=\"max-image-preview:large\" \/>\n\t<meta name=\"author\" content=\"HVKZ\"\/>\n\t<link rel=\"canonical\" href=\"https:\/\/www.historischeverenigingkoogzaandijk.nl\/elementor\/2026\/08\/31\/jaarmarkt-zaandijk\/\" \/>\n\t<meta name=\"generator\" content=\"All in One SEO (AIOSEO) 5.0.1.1\" \/>\n\t\t<meta property=\"og:locale\" content=\"nl_NL\" \/>\n\t\t<meta property=\"og:site_name\" content=\"Historische Vereniging Koog-Zaandijk - Opgericht 2008\" \/>\n\t\t<meta property=\"og:type\" content=\"article\" \/>\n\t\t<meta property=\"og:title\" content=\"De HVKZ op de Jaarmarkt in Zaandijk - Historische Vereniging Koog-Zaandijk\" \/>\n\t\t<meta property=\"og:description\" content=\"De jaarmarkt Kaike en Koiere in Zaandijk vond dit jaar plaats op 29 augustus. Het was eerst een beetje zoeken naar de juiste plaats om de stand van de HVKZ op te bouwen, maar de plaats bleek prima te zijn: nl. op de Lagedijk. Daarna begonnen Jan, Marja en Mieneke met de opbouw van de\" \/>\n\t\t<meta property=\"og:url\" content=\"https:\/\/www.historischeverenigingkoogzaandijk.nl\/elementor\/2026\/08\/31\/jaarmarkt-zaandijk\/\" \/>\n\t\t<meta property=\"og:image\" content=\"https:\/\/www.historischeverenigingkoogzaandijk.nl\/elementor\/wp-content\/uploads\/2021\/08\/hvkz.png\" \/>\n\t\t<meta property=\"og:image:secure_url\" content=\"https:\/\/www.historischeverenigingkoogzaandijk.nl\/elementor\/wp-content\/uploads\/2021\/08\/hvkz.png\" \/>\n\t\t<meta property=\"article:published_time\" content=\"2026-08-31T08:33:06+00:00\" \/>\n\t\t<meta property=\"article:modified_time\" content=\"2026-08-31T08:51:50+00:00\" \/>\n\t\t<meta property=\"article:publisher\" content=\"https:\/\/www.facebook.com\/hvkoogzaandijk\/\" \/>\n\t\t<meta name=\"twitter:card\" content=\"summary_large_image\" \/>\n\t\t<meta name=\"twitter:title\" content=\"De HVKZ op de Jaarmarkt in Zaandijk - Historische Vereniging Koog-Zaandijk\" \/>\n\t\t<meta name=\"twitter:description\" content=\"De jaarmarkt Kaike en Koiere in Zaandijk vond dit jaar plaats op 29 augustus. Het was eerst een beetje zoeken naar de juiste plaats om de stand van de HVKZ op te bouwen, maar de plaats bleek prima te zijn: nl. op de Lagedijk. Daarna begonnen Jan, Marja en Mieneke met de opbouw van de\" \/>\n\t\t<meta name=\"twitter:image\" content=\"https:\/\/www.historischeverenigingkoogzaandijk.nl\/elementor\/wp-content\/uploads\/2021\/08\/hvkz.png\" \/>\n\t\t<script type=\"application\/ld+json\" class=\"aioseo-schema\">\n\t\t\t{\"@context\":\"https:\\\/\\\/schema.org\",\"@graph\":[{\"@type\":\"BlogPosting\",\"@id\":\"https:\\\/\\\/www.historischeverenigingkoogzaandijk.nl\\\/elementor\\\/2026\\\/08\\\/31\\\/jaarmarkt-zaandijk\\\/#blogposting\",\"name\":\"De HVKZ op de Jaarmarkt in Zaandijk - Historische Vereniging Koog-Zaandijk\",\"headline\":\"De HVKZ op de Jaarmarkt in Zaandijk\",\"author\":{\"@id\":\"https:\\\/\\\/www.historischeverenigingkoogzaandijk.nl\\\/elementor\\\/author\\\/elementor\\\/#author\"},\"publisher\":{\"@id\":\"https:\\\/\\\/www.historischeverenigingkoogzaandijk.nl\\\/elementor\\\/#organization\"},\"image\":{\"@type\":\"ImageObject\",\"url\":\"https:\\\/\\\/www.historischeverenigingkoogzaandijk.nl\\\/elementor\\\/wp-content\\\/uploads\\\/2026\\\/08\\\/20260829_102546927_iOS-scaled.jpg\",\"width\":2560,\"height\":1920},\"datePublished\":\"2026-08-31T10:33:06+02:00\",\"dateModified\":\"2026-08-31T10:51:50+02:00\",\"inLanguage\":\"nl-NL\",\"mainEntityOfPage\":{\"@id\":\"https:\\\/\\\/www.historischeverenigingkoogzaandijk.nl\\\/elementor\\\/2026\\\/08\\\/31\\\/jaarmarkt-zaandijk\\\/#webpage\"},\"isPartOf\":{\"@id\":\"https:\\\/\\\/www.historischeverenigingkoogzaandijk.nl\\\/elementor\\\/2026\\\/08\\\/31\\\/jaarmarkt-zaandijk\\\/#webpage\"},\"articleSection\":\"Nieuws, Terugblikken\"},{\"@type\":\"BreadcrumbList\",\"@id\":\"https:\\\/\\\/www.historischeverenigingkoogzaandijk.nl\\\/elementor\\\/2026\\\/08\\\/31\\\/jaarmarkt-zaandijk\\\/#breadcrumblist\",\"itemListElement\":[{\"@type\":\"ListItem\",\"@id\":\"https:\\\/\\\/www.historischeverenigingkoogzaandijk.nl\\\/elementor#listItem\",\"position\":1,\"name\":\"Home\",\"item\":\"https:\\\/\\\/www.historischeverenigingkoogzaandijk.nl\\\/elementor\",\"nextItem\":{\"@type\":\"ListItem\",\"@id\":\"https:\\\/\\\/www.historischeverenigingkoogzaandijk.nl\\\/elementor\\\/category\\\/nieuws\\\/#listItem\",\"name\":\"Nieuws\"}},{\"@type\":\"ListItem\",\"@id\":\"https:\\\/\\\/www.historischeverenigingkoogzaandijk.nl\\\/elementor\\\/category\\\/nieuws\\\/#listItem\",\"position\":2,\"name\":\"Nieuws\",\"item\":\"https:\\\/\\\/www.historischeverenigingkoogzaandijk.nl\\\/elementor\\\/category\\\/nieuws\\\/\",\"nextItem\":{\"@type\":\"ListItem\",\"@id\":\"https:\\\/\\\/www.historischeverenigingkoogzaandijk.nl\\\/elementor\\\/2026\\\/08\\\/31\\\/jaarmarkt-zaandijk\\\/#listItem\",\"name\":\"De HVKZ op de Jaarmarkt in Zaandijk\"},\"previousItem\":{\"@type\":\"ListItem\",\"@id\":\"https:\\\/\\\/www.historischeverenigingkoogzaandijk.nl\\\/elementor#listItem\",\"name\":\"Home\"}},{\"@type\":\"ListItem\",\"@id\":\"https:\\\/\\\/www.historischeverenigingkoogzaandijk.nl\\\/elementor\\\/2026\\\/08\\\/31\\\/jaarmarkt-zaandijk\\\/#listItem\",\"position\":3,\"name\":\"De HVKZ op de Jaarmarkt in Zaandijk\",\"previousItem\":{\"@type\":\"ListItem\",\"@id\":\"https:\\\/\\\/www.historischeverenigingkoogzaandijk.nl\\\/elementor\\\/category\\\/nieuws\\\/#listItem\",\"name\":\"Nieuws\"}}]},{\"@type\":\"Organization\",\"@id\":\"https:\\\/\\\/www.historischeverenigingkoogzaandijk.nl\\\/elementor\\\/#organization\",\"name\":\"Historische Vereniging Koog-Zaandijk\",\"description\":\"Opgericht 2008\",\"url\":\"https:\\\/\\\/www.historischeverenigingkoogzaandijk.nl\\\/elementor\\\/\",\"logo\":{\"@type\":\"ImageObject\",\"url\":\"https:\\\/\\\/www.historischeverenigingkoogzaandijk.nl\\\/elementor\\\/wp-content\\\/uploads\\\/2021\\\/09\\\/jaarverslag1.png\",\"@id\":\"https:\\\/\\\/www.historischeverenigingkoogzaandijk.nl\\\/elementor\\\/2026\\\/08\\\/31\\\/jaarmarkt-zaandijk\\\/#organizationLogo\",\"width\":500,\"height\":442},\"image\":{\"@id\":\"https:\\\/\\\/www.historischeverenigingkoogzaandijk.nl\\\/elementor\\\/2026\\\/08\\\/31\\\/jaarmarkt-zaandijk\\\/#organizationLogo\"},\"sameAs\":[\"https:\\\/\\\/www.facebook.com\\\/hvkoogzaandijk\\\/\"]},{\"@type\":\"Person\",\"@id\":\"https:\\\/\\\/www.historischeverenigingkoogzaandijk.nl\\\/elementor\\\/author\\\/elementor\\\/#author\",\"url\":\"https:\\\/\\\/www.historischeverenigingkoogzaandijk.nl\\\/elementor\\\/author\\\/elementor\\\/\",\"name\":\"HVKZ\",\"image\":{\"@type\":\"ImageObject\",\"@id\":\"https:\\\/\\\/www.historischeverenigingkoogzaandijk.nl\\\/elementor\\\/2026\\\/08\\\/31\\\/jaarmarkt-zaandijk\\\/#authorImage\",\"url\":\"https:\\\/\\\/secure.gravatar.com\\\/avatar\\\/633f4b7713fcde533b2d5aef73b76313ddb89cfd5f750b58a7f6fa3ffbe3c07a?s=96&d=wp_user_avatar&r=g\",\"width\":96,\"height\":96,\"caption\":\"HVKZ\"}},{\"@type\":\"WebPage\",\"@id\":\"https:\\\/\\\/www.historischeverenigingkoogzaandijk.nl\\\/elementor\\\/2026\\\/08\\\/31\\\/jaarmarkt-zaandijk\\\/#webpage\",\"url\":\"https:\\\/\\\/www.historischeverenigingkoogzaandijk.nl\\\/elementor\\\/2026\\\/08\\\/31\\\/jaarmarkt-zaandijk\\\/\",\"name\":\"De HVKZ op de Jaarmarkt in Zaandijk - Historische Vereniging Koog-Zaandijk\",\"description\":\"De jaarmarkt Kaike en Koiere in Zaandijk vond dit jaar plaats op 29 augustus. Het was eerst een beetje zoeken naar de juiste plaats om de stand van de HVKZ op te bouwen, maar de plaats bleek prima te zijn: nl. op de Lagedijk. Daarna begonnen Jan, Marja en Mieneke met de opbouw van de\",\"inLanguage\":\"nl-NL\",\"isPartOf\":{\"@id\":\"https:\\\/\\\/www.historischeverenigingkoogzaandijk.nl\\\/elementor\\\/#website\"},\"breadcrumb\":{\"@id\":\"https:\\\/\\\/www.historischeverenigingkoogzaandijk.nl\\\/elementor\\\/2026\\\/08\\\/31\\\/jaarmarkt-zaandijk\\\/#breadcrumblist\"},\"author\":{\"@id\":\"https:\\\/\\\/www.historischeverenigingkoogzaandijk.nl\\\/elementor\\\/author\\\/elementor\\\/#author\"},\"creator\":{\"@id\":\"https:\\\/\\\/www.historischeverenigingkoogzaandijk.nl\\\/elementor\\\/author\\\/elementor\\\/#author\"},\"image\":{\"@type\":\"ImageObject\",\"url\":\"https:\\\/\\\/www.historischeverenigingkoogzaandijk.nl\\\/elementor\\\/wp-content\\\/uploads\\\/2026\\\/08\\\/20260829_102546927_iOS-scaled.jpg\",\"@id\":\"https:\\\/\\\/www.historischeverenigingkoogzaandijk.nl\\\/elementor\\\/2026\\\/08\\\/31\\\/jaarmarkt-zaandijk\\\/#mainImage\",\"width\":2560,\"height\":1920},\"primaryImageOfPage\":{\"@id\":\"https:\\\/\\\/www.historischeverenigingkoogzaandijk.nl\\\/elementor\\\/2026\\\/08\\\/31\\\/jaarmarkt-zaandijk\\\/#mainImage\"},\"datePublished\":\"2026-08-31T10:33:06+02:00\",\"dateModified\":\"2026-08-31T10:51:50+02:00\"},{\"@type\":\"WebSite\",\"@id\":\"https:\\\/\\\/www.historischeverenigingkoogzaandijk.nl\\\/elementor\\\/#website\",\"url\":\"https:\\\/\\\/www.historischeverenigingkoogzaandijk.nl\\\/elementor\\\/\",\"name\":\"Historische Vereniging Koog-Zaandijk\",\"description\":\"Opgericht 2008\",\"inLanguage\":\"nl-NL\",\"publisher\":{\"@id\":\"https:\\\/\\\/www.historischeverenigingkoogzaandijk.nl\\\/elementor\\\/#organization\"}}]}\n\t\t<\/script>\n\t\t<!-- All in One SEO -->\n\n","aioseo_head_json":{"title":"De HVKZ op de Jaarmarkt in Zaandijk - Historische Vereniging Koog-Zaandijk","description":"De jaarmarkt Kaike en Koiere in Zaandijk vond dit jaar plaats op 29 augustus. Het was eerst een beetje zoeken naar de juiste plaats om de stand van de HVKZ op te bouwen, maar de plaats bleek prima te zijn: nl. op de Lagedijk. Daarna begonnen Jan, Marja en Mieneke met de opbouw van de","canonical_url":"https:\/\/www.historischeverenigingkoogzaandijk.nl\/elementor\/2026\/08\/31\/jaarmarkt-zaandijk\/","robots":"max-image-preview:large","keywords":"","webmasterTools":{"miscellaneous":""},"schema":{"@context":"https:\/\/schema.org","@graph":[{"@type":"BlogPosting","@id":"https:\/\/www.historischeverenigingkoogzaandijk.nl\/elementor\/2026\/08\/31\/jaarmarkt-zaandijk\/#blogposting","name":"De HVKZ op de Jaarmarkt in Zaandijk - Historische Vereniging Koog-Zaandijk","headline":"De HVKZ op de Jaarmarkt in Zaandijk","author":{"@id":"https:\/\/www.historischeverenigingkoogzaandijk.nl\/elementor\/author\/elementor\/#author"},"publisher":{"@id":"https:\/\/www.historischeverenigingkoogzaandijk.nl\/elementor\/#organization"},"image":{"@type":"ImageObject","url":"https:\/\/www.historischeverenigingkoogzaandijk.nl\/elementor\/wp-content\/uploads\/2026\/08\/20260829_102546927_iOS-scaled.jpg","width":2560,"height":1920},"datePublished":"2026-08-31T10:33:06+02:00","dateModified":"2026-08-31T10:51:50+02:00","inLanguage":"nl-NL","mainEntityOfPage":{"@id":"https:\/\/www.historischeverenigingkoogzaandijk.nl\/elementor\/2026\/08\/31\/jaarmarkt-zaandijk\/#webpage"},"isPartOf":{"@id":"https:\/\/www.historischeverenigingkoogzaandijk.nl\/elementor\/2026\/08\/31\/jaarmarkt-zaandijk\/#webpage"},"articleSection":"Nieuws, Terugblikken"},{"@type":"BreadcrumbList","@id":"https:\/\/www.historischeverenigingkoogzaandijk.nl\/elementor\/2026\/08\/31\/jaarmarkt-zaandijk\/#breadcrumblist","itemListElement":[{"@type":"ListItem","@id":"https:\/\/www.historischeverenigingkoogzaandijk.nl\/elementor#listItem","position":1,"name":"Home","item":"https:\/\/www.historischeverenigingkoogzaandijk.nl\/elementor","nextItem":{"@type":"ListItem","@id":"https:\/\/www.historischeverenigingkoogzaandijk.nl\/elementor\/category\/nieuws\/#listItem","name":"Nieuws"}},{"@type":"ListItem","@id":"https:\/\/www.historischeverenigingkoogzaandijk.nl\/elementor\/category\/nieuws\/#listItem","position":2,"name":"Nieuws","item":"https:\/\/www.historischeverenigingkoogzaandijk.nl\/elementor\/category\/nieuws\/","nextItem":{"@type":"ListItem","@id":"https:\/\/www.historischeverenigingkoogzaandijk.nl\/elementor\/2026\/08\/31\/jaarmarkt-zaandijk\/#listItem","name":"De HVKZ op de Jaarmarkt in Zaandijk"},"previousItem":{"@type":"ListItem","@id":"https:\/\/www.historischeverenigingkoogzaandijk.nl\/elementor#listItem","name":"Home"}},{"@type":"ListItem","@id":"https:\/\/www.historischeverenigingkoogzaandijk.nl\/elementor\/2026\/08\/31\/jaarmarkt-zaandijk\/#listItem","position":3,"name":"De HVKZ op de Jaarmarkt in Zaandijk","previousItem":{"@type":"ListItem","@id":"https:\/\/www.historischeverenigingkoogzaandijk.nl\/elementor\/category\/nieuws\/#listItem","name":"Nieuws"}}]},{"@type":"Organization","@id":"https:\/\/www.historischeverenigingkoogzaandijk.nl\/elementor\/#organization","name":"Historische Vereniging Koog-Zaandijk","description":"Opgericht 2008","url":"https:\/\/www.historischeverenigingkoogzaandijk.nl\/elementor\/","logo":{"@type":"ImageObject","url":"https:\/\/www.historischeverenigingkoogzaandijk.nl\/elementor\/wp-content\/uploads\/2021\/09\/jaarverslag1.png","@id":"https:\/\/www.historischeverenigingkoogzaandijk.nl\/elementor\/2026\/08\/31\/jaarmarkt-zaandijk\/#organizationLogo","width":500,"height":442},"image":{"@id":"https:\/\/www.historischeverenigingkoogzaandijk.nl\/elementor\/2026\/08\/31\/jaarmarkt-zaandijk\/#organizationLogo"},"sameAs":["https:\/\/www.facebook.com\/hvkoogzaandijk\/"]},{"@type":"Person","@id":"https:\/\/www.historischeverenigingkoogzaandijk.nl\/elementor\/author\/elementor\/#author","url":"https:\/\/www.historischeverenigingkoogzaandijk.nl\/elementor\/author\/elementor\/","name":"HVKZ","image":{"@type":"ImageObject","@id":"https:\/\/www.historischeverenigingkoogzaandijk.nl\/elementor\/2026\/08\/31\/jaarmarkt-zaandijk\/#authorImage","url":"https:\/\/secure.gravatar.com\/avatar\/633f4b7713fcde533b2d5aef73b76313ddb89cfd5f750b58a7f6fa3ffbe3c07a?s=96&d=wp_user_avatar&r=g","width":96,"height":96,"caption":"HVKZ"}},{"@type":"WebPage","@id":"https:\/\/www.historischeverenigingkoogzaandijk.nl\/elementor\/2026\/08\/31\/jaarmarkt-zaandijk\/#webpage","url":"https:\/\/www.historischeverenigingkoogzaandijk.nl\/elementor\/2026\/08\/31\/jaarmarkt-zaandijk\/","name":"De HVKZ op de Jaarmarkt in Zaandijk - Historische Vereniging Koog-Zaandijk","description":"De jaarmarkt Kaike en Koiere in Zaandijk vond dit jaar plaats op 29 augustus. Het was eerst een beetje zoeken naar de juiste plaats om de stand van de HVKZ op te bouwen, maar de plaats bleek prima te zijn: nl. op de Lagedijk. Daarna begonnen Jan, Marja en Mieneke met de opbouw van de","inLanguage":"nl-NL","isPartOf":{"@id":"https:\/\/www.historischeverenigingkoogzaandijk.nl\/elementor\/#website"},"breadcrumb":{"@id":"https:\/\/www.historischeverenigingkoogzaandijk.nl\/elementor\/2026\/08\/31\/jaarmarkt-zaandijk\/#breadcrumblist"},"author":{"@id":"https:\/\/www.historischeverenigingkoogzaandijk.nl\/elementor\/author\/elementor\/#author"},"creator":{"@id":"https:\/\/www.historischeverenigingkoogzaandijk.nl\/elementor\/author\/elementor\/#author"},"image":{"@type":"ImageObject","url":"https:\/\/www.historischeverenigingkoogzaandijk.nl\/elementor\/wp-content\/uploads\/2026\/08\/20260829_102546927_iOS-scaled.jpg","@id":"https:\/\/www.historischeverenigingkoogzaandijk.nl\/elementor\/2026\/08\/31\/jaarmarkt-zaandijk\/#mainImage","width":2560,"height":1920},"primaryImageOfPage":{"@id":"https:\/\/www.historischeverenigingkoogzaandijk.nl\/elementor\/2026\/08\/31\/jaarmarkt-zaandijk\/#mainImage"},"datePublished":"2026-08-31T10:33:06+02:00","dateModified":"2026-08-31T10:51:50+02:00"},{"@type":"WebSite","@id":"https:\/\/www.historischeverenigingkoogzaandijk.nl\/elementor\/#website","url":"https:\/\/www.historischeverenigingkoogzaandijk.nl\/elementor\/","name":"Historische Vereniging Koog-Zaandijk","description":"Opgericht 2008","inLanguage":"nl-NL","publisher":{"@id":"https:\/\/www.historischeverenigingkoogzaandijk.nl\/elementor\/#organization"}}]},"og:locale":"nl_NL","og:site_name":"Historische Vereniging Koog-Zaandijk - Opgericht 2008","og:type":"article","og:title":"De HVKZ op de Jaarmarkt in Zaandijk - Historische Vereniging Koog-Zaandijk","og:description":"De jaarmarkt Kaike en Koiere in Zaandijk vond dit jaar plaats op 29 augustus. Het was eerst een beetje zoeken naar de juiste plaats om de stand van de HVKZ op te bouwen, maar de plaats bleek prima te zijn: nl. op de Lagedijk. Daarna begonnen Jan, Marja en Mieneke met de opbouw van de","og:url":"https:\/\/www.historischeverenigingkoogzaandijk.nl\/elementor\/2026\/08\/31\/jaarmarkt-zaandijk\/","og:image":"https:\/\/www.historischeverenigingkoogzaandijk.nl\/elementor\/wp-content\/uploads\/2021\/08\/hvkz.png","og:image:secure_url":"https:\/\/www.historischeverenigingkoogzaandijk.nl\/elementor\/wp-content\/uploads\/2021\/08\/hvkz.png","article:published_time":"2026-08-31T08:33:06+00:00","article:modified_time":"2026-08-31T08:51:50+00:00","article:publisher":"https:\/\/www.facebook.com\/hvkoogzaandijk\/","twitter:card":"summary_large_image","twitter:title":"De HVKZ op de Jaarmarkt in Zaandijk - Historische Vereniging Koog-Zaandijk","twitter:description":"De jaarmarkt Kaike en Koiere in Zaandijk vond dit jaar plaats op 29 augustus. Het was eerst een beetje zoeken naar de juiste plaats om de stand van de HVKZ op te bouwen, maar de plaats bleek prima te zijn: nl. op de Lagedijk. Daarna begonnen Jan, Marja en Mieneke met de opbouw van de","twitter:image":"https:\/\/www.historischeverenigingkoogzaandijk.nl\/elementor\/wp-content\/uploads\/2021\/08\/hvkz.png"},"aioseo_meta_data":{"post_id":"54663","title":null,"description":null,"keywords":null,"keyphrases":{"focus":{"keyphrase":"","score":0,"analysis":{"keyphraseInTitle":{"score":0,"maxScore":9,"error":1}}},"additional":[]},"primary_term":null,"canonical_url":null,"og_title":null,"og_description":null,"og_object_type":"default","og_image_type":"default","og_image_url":null,"og_image_width":null,"og_image_height":null,"og_image_custom_url":null,"og_image_custom_fields":null,"og_video":"","og_custom_url":null,"og_article_section":null,"og_article_tags":null,"twitter_use_og":false,"twitter_card":"default","twitter_image_type":"default","twitter_image_url":null,"twitter_image_custom_url":null,"twitter_image_custom_fields":null,"twitter_title":null,"twitter_description":null,"schema":{"blockGraphs":[],"customGraphs":[],"default":{"data":{"Article":[],"Course":[],"Dataset":[],"FAQPage":[],"Movie":[],"Person":[],"Product":[],"ProductReview":[],"Car":[],"Recipe":[],"Service":[],"SoftwareApplication":[],"WebPage":[]},"graphName":"BlogPosting","isEnabled":true},"graphs":[]},"schema_type":"default","schema_type_options":null,"pillar_content":false,"robots_default":true,"robots_noindex":false,"robots_noarchive":false,"robots_nosnippet":false,"robots_nofollow":false,"robots_noimageindex":false,"robots_noodp":false,"robots_notranslate":false,"robots_max_snippet":"-1","robots_max_videopreview":"-1","robots_max_imagepreview":"large","priority":null,"frequency":"default","local_seo":null,"breadcrumb_settings":null,"limit_modified_date":false,"ai":{"faqs":[],"keyPoints":[],"schemas":[],"titles":[],"descriptions":[],"socialPosts":{"email":{"subject":"","preview":"","content":""},"linkedin":[],"twitter":[],"facebook":[],"instagram":[]}},"created":"2026-08-31 08:33:07","updated":"2026-08-31 08:51:50","seo_analyzer_scan_date":null,"focus_keyword":null,"additional_keywords":null,"truseo_locale":null},"aioseo_breadcrumb":"<div class=\"aioseo-breadcrumbs\"><span class=\"aioseo-breadcrumb\">\n\t\t\t<a href=\"https:\/\/www.historischeverenigingkoogzaandijk.nl\/elementor\" title=\"Home\">Home<\/a>\n\t\t<\/span><span class=\"aioseo-breadcrumb-separator\">&raquo;<\/span><span class=\"aioseo-breadcrumb\">\n\t\t\t<a href=\"https:\/\/www.historischeverenigingkoogzaandijk.nl\/elementor\/category\/nieuws\/\" title=\"Nieuws\">Nieuws<\/a>\n\t\t<\/span><span class=\"aioseo-breadcrumb-separator\">&raquo;<\/span><span class=\"aioseo-breadcrumb\">\n\t\t\tDe HVKZ op de Jaarmarkt in Zaandijk\n\t\t<\/span><\/div>","aioseo_breadcrumb_json":[{"label":"Home","link":"https:\/\/www.historischeverenigingkoogzaandijk.nl\/elementor"},{"label":"Nieuws","link":"https:\/\/www.historischeverenigingkoogzaandijk.nl\/elementor\/category\/nieuws\/"},{"label":"De HVKZ op de Jaarmarkt in Zaandijk","link":"https:\/\/www.historischeverenigingkoogzaandijk.nl\/elementor\/2026\/08\/31\/jaarmarkt-zaandijk\/"}],"uagb_featured_image_src":{"full":["https:\/\/www.historischeverenigingkoogzaandijk.nl\/elementor\/wp-content\/uploads\/2026\/08\/20260829_102546927_iOS-scaled.jpg",2560,1920,false],"thumbnail":["https:\/\/www.historischeverenigingkoogzaandijk.nl\/elementor\/wp-content\/uploads\/2026\/08\/20260829_102546927_iOS-100x75.jpg",100,75,true],"medium":["https:\/\/www.historischeverenigingkoogzaandijk.nl\/elementor\/wp-content\/uploads\/2026\/08\/20260829_102546927_iOS-167x125.jpg",167,125,true],"medium_large":["https:\/\/www.historischeverenigingkoogzaandijk.nl\/elementor\/wp-content\/uploads\/2026\/08\/20260829_102546927_iOS-768x576.jpg",768,576,true],"large":["https:\/\/www.historischeverenigingkoogzaandijk.nl\/elementor\/wp-content\/uploads\/2026\/08\/20260829_102546927_iOS-800x600.jpg",800,600,true],"1536x1536":["https:\/\/www.historischeverenigingkoogzaandijk.nl\/elementor\/wp-content\/uploads\/2026\/08\/20260829_102546927_iOS-1536x1152.jpg",1536,1152,true],"2048x2048":["https:\/\/www.historischeverenigingkoogzaandijk.nl\/elementor\/wp-content\/uploads\/2026\/08\/20260829_102546927_iOS-2048x1536.jpg",2048,1536,true]},"uagb_author_info":{"display_name":"HVKZ","author_link":"https:\/\/www.historischeverenigingkoogzaandijk.nl\/elementor\/author\/elementor\/"},"uagb_comment_info":0,"uagb_excerpt":"De jaarmarkt Kaike en Koiere in Zaandijk vond dit jaar plaats op 29 augustus. Het was eerst een beetje zoeken naar de juiste plaats om de stand van de HVKZ op te bouwen, maar de plaats bleek prima te zijn: nl. op de Lagedijk. Daarna begonnen Jan, Marja en Mieneke met de opbouw van de&hellip;","_links":{"self":[{"href":"https:\/\/www.historischeverenigingkoogzaandijk.nl\/elementor\/wp-json\/wp\/v2\/posts\/54663","targetHints":{"allow":["GET"]}}],"collection":[{"href":"https:\/\/www.historischeverenigingkoogzaandijk.nl\/elementor\/wp-json\/wp\/v2\/posts"}],"about":[{"href":"https:\/\/www.historischeverenigingkoogzaandijk.nl\/elementor\/wp-json\/wp\/v2\/types\/post"}],"author":[{"embeddable":true,"href":"https:\/\/www.historischeverenigingkoogzaandijk.nl\/elementor\/wp-json\/wp\/v2\/users\/1"}],"replies":[{"embeddable":true,"href":"https:\/\/www.historischeverenigingkoogzaandijk.nl\/elementor\/wp-json\/wp\/v2\/comments?post=54663"}],"version-history":[{"count":4,"href":"https:\/\/www.historischeverenigingkoogzaandijk.nl\/elementor\/wp-json\/wp\/v2\/posts\/54663\/revisions"}],"predecessor-version":[{"id":54681,"href":"https:\/\/www.historischeverenigingkoogzaandijk.nl\/elementor\/wp-json\/wp\/v2\/posts\/54663\/revisions\/54681"}],"wp:featuredmedia":[{"embeddable":true,"href":"https:\/\/www.historischeverenigingkoogzaandijk.nl\/elementor\/wp-json\/wp\/v2\/media\/54665"}],"wp:attachment":[{"href":"https:\/\/www.historischeverenigingkoogzaandijk.nl\/elementor\/wp-json\/wp\/v2\/media?parent=54663"}],"wp:term":[{"taxonomy":"category","embeddable":true,"href":"https:\/\/www.historischeverenigingkoogzaandijk.nl\/elementor\/wp-json\/wp\/v2\/categories?post=54663"},{"taxonomy":"post_tag","embeddable":true,"href":"https:\/\/www.historischeverenigingkoogzaandijk.nl\/elementor\/wp-json\/wp\/v2\/tags?post=54663"}],"curies":[{"name":"wp","href":"https:\/\/api.w.org\/{rel}","templated":true}]}}